{"id":13924,"date":"2019-06-17T19:58:43","date_gmt":"2019-06-17T17:58:43","guid":{"rendered":"https:\/\/www.mightysounds.cz\/mighty-sounds-je-cisty-festival-i-v-roce-2019\/"},"modified":"2019-06-19T18:34:06","modified_gmt":"2019-06-19T16:34:06","slug":"mighty-sounds-je-cisty-festival-i-v-roce-2019","status":"publish","type":"post","link":"https:\/\/www.mightysounds.cz\/de\/mighty-sounds-je-cisty-festival-i-v-roce-2019\/","title":{"rendered":"Mighty Sounds je \u010cist\u00fd festival i v roce 2019"},"content":{"rendered":"<p style=\"text-align: justify;\"><strong>Mighty Sounds t\u0159\u00edd\u00ed odpad a db\u00e1 na to, aby dopad akce na \u017eivotn\u00ed prost\u0159ed\u00ed byl co nejmen\u0161\u00ed. Stejn\u011b jako v\u00a0p\u0159edchoz\u00edch letech v\u00e1s budeme vyz\u00fdvat k\u00a0t\u0159\u00edd\u011bn\u00ed odpadu a k\u00a0tomu, abyste n\u00e1m pom\u00e1hali v\u00a0are\u00e1lu udr\u017eovat po\u0159\u00e1dek.\u00a0<\/strong><\/p>\n<h4 style=\"text-align: justify;\">Jak na Mighty Sounds t\u0159\u00eddit odpady za odm\u011bnu?<\/h4>\n<p class=\"p2\" style=\"text-align: justify;\">I letos na Mighty Sounds m\u016f\u017eete t\u0159\u00eddit odpady a na st\u00e1nku \u010cisty\u0301 festival za to dostat odm\u011bnu. D\u00e1rku se do\u010dk\u00e1 ka\u017edy\u0301, kdo p\u0159inese ur\u010dit\u00e9 mno\u017estv\u00ed plast\u016f nebo pap\u00edr\u016f. Jak na to? Sta\u010d\u00ed p\u0159in\u00e9st deset nebo dvacet plast\u016f \/ pap\u00edr\u016f p\u0159\u00edmo na st\u00e1nek \u010cisty\u0301 festival. Tam je lze vym\u011bnit za st\u00edrac\u00ed los. Celkem m\u016f\u017eete vyhr\u00e1t osm r\u016fzny\u0301ch odm\u011bn. Ani letos nechyb\u00ed speci\u00e1ln\u00ed odm\u011bna pro \u017e\u00edzniv\u00e9 fanou\u0161ky. Dvacet t\u0159\u00edd\u011bny\u0301ch kus\u016f plast\u016f, nap\u0159\u00edklad pivn\u00edch kel\u00edmk\u016f, odm\u011b\u0148ujeme speci\u00e1ln\u00edm \u017eetonem na jedno pivo zdarma.<\/p>\n<h4 class=\"p1\" style=\"text-align: left;\">Jak t\u0159\u00eddit do barevny\u0301ch ko\u0161\u016f?<\/h4>\n<p class=\"p2\" style=\"text-align: justify;\">Odpady m\u016f\u017eete tak\u00e9 t\u0159\u00eddit do n\u011bkolika speci\u00e1ln\u00edch barevny\u0301ch ko\u0161\u016f p\u0159\u00edmo ve festivalov\u00e9m are\u00e1lu. <strong>\u017dlut\u00e9 ko\u0161e jsou na plasty a modr\u00e9 na pap\u00edr.<\/strong> V\u0161echny odpady z barevny\u0301ch ko\u0161\u016f \u00faklidov\u00e1 \u010deta sv\u00e1\u017e\u00ed do speci\u00e1ln\u00edch velky\u0301ch kontejner\u016f, kter\u00e9 putuj\u00ed p\u0159\u00edmo k druhotn\u00e9mu zpracov\u00e1n\u00ed &#8211; recyklaci. Pokud budete m\u00edt \u0161t\u011bst\u00ed a p\u0159i t\u0159\u00edd\u011bn\u00ed do barevny\u0301ch ko\u0161\u016f v\u00e1s p\u0159istihne promoteam \u010cisty\u0301 festival, z\u00edsk\u00e1te zdarma recyklovany\u0301 znovu pou\u017eitelny\u0301 kel\u00edmek ze speci\u00e1ln\u00ed limitovan\u00e9 edice.<\/p>\n<h4 class=\"p1\" style=\"text-align: left;\">Mighty Sounds je \u010cist\u00fd festival<\/h4>\n<p class=\"p2\" style=\"text-align: justify;\">Krom\u011b toho, \u017ee u n\u00e1s budete t\u0159\u00eddit odpady, pom\u016f\u017eete tak\u00e9 Mighty Sounds z\u00edskat certifikaci \u010cisty\u0301 festival. Tato certifikace je ji\u017e 11 let ud\u011blov\u00e1na spole\u010dnost\u00ed EKO-KOM, a.s. odpov\u011bdny\u0301m festival\u016fm a letn\u00edm akc\u00edm za to, \u017ee umo\u017e\u0148uj\u00ed svy\u0301m n\u00e1v\u0161t\u011bvn\u00edk\u016fm t\u0159\u00eddit odpady a sna\u017e\u00ed se udr\u017eovat sv\u00e9 are\u00e1ly \u010dist\u00e9.<\/p>\n<p><img decoding=\"async\" src=\"https:\/\/www.mightysounds.cz\/wp-content\/uploads\/2019\/06\/MS18-113.jpg\" \/><\/p>\n","protected":false},"excerpt":{"rendered":"<p>Mighty Sounds t\u0159\u00edd\u00ed odpad a db\u00e1 na to, aby dopad akce na \u017eivotn\u00ed prost\u0159ed\u00ed byl co nejmen\u0161\u00ed. Stejn\u011b jako v\u00a0p\u0159edchoz\u00edch letech v\u00e1s budeme vyz\u00fdvat k\u00a0t\u0159\u00edd\u011bn\u00ed&#8230;<\/p>\n","protected":false},"author":-1,"featured_media":13907,"comment_status":"open","ping_status":"open","sticky":false,"template":"","format":"standard","meta":{"footnotes":""},"categories":[191],"tags":[],"class_list":["post-13924","post","type-post","status-publish","format-standard","has-post-thumbnail","hentry","category-mighty-sounds-xv-de"],"yoast_head":"<!-- This site is optimized with the Yoast SEO plugin v26.0 - https:\/\/yoast.com\/wordpress\/plugins\/seo\/ -->\n<title>Mighty Sounds je \u010cist\u00fd festival i v roce 2019 | Mighty Sounds<\/title>\n<meta name=\"robots\" content=\"index, follow, max-snippet:-1, max-image-preview:large, max-video-preview:-1\" \/>\n<link rel=\"canonical\" href=\"https:\/\/www.mightysounds.cz\/de\/mighty-sounds-je-cisty-festival-i-v-roce-2019\/\" \/>\n<meta property=\"og:locale\" content=\"de_DE\" \/>\n<meta property=\"og:type\" content=\"article\" \/>\n<meta property=\"og:title\" content=\"Mighty Sounds je \u010cist\u00fd festival i v roce 2019 | Mighty Sounds\" \/>\n<meta property=\"og:description\" content=\"Mighty Sounds t\u0159\u00edd\u00ed odpad a db\u00e1 na to, aby dopad akce na \u017eivotn\u00ed prost\u0159ed\u00ed byl co nejmen\u0161\u00ed. Stejn\u011b jako v\u00a0p\u0159edchoz\u00edch letech v\u00e1s budeme vyz\u00fdvat k\u00a0t\u0159\u00edd\u011bn\u00ed...\" \/>\n<meta property=\"og:url\" content=\"https:\/\/www.mightysounds.cz\/de\/mighty-sounds-je-cisty-festival-i-v-roce-2019\/\" \/>\n<meta property=\"og:site_name\" content=\"Mighty Sounds\" \/>\n<meta property=\"article:publisher\" content=\"https:\/\/www.facebook.com\/mightysounds\/\" \/>\n<meta property=\"article:published_time\" content=\"2019-06-17T17:58:43+00:00\" \/>\n<meta property=\"article:modified_time\" content=\"2019-06-19T16:34:06+00:00\" \/>\n<meta property=\"og:image\" content=\"https:\/\/www.mightysounds.cz\/wp-content\/uploads\/2019\/06\/MS18-113-1024x683.jpg\" \/>\n\t<meta property=\"og:image:width\" content=\"1024\" \/>\n\t<meta property=\"og:image:height\" content=\"683\" \/>\n\t<meta property=\"og:image:type\" content=\"image\/jpeg\" \/>\n<meta name=\"author\" content=\"Mark\u00e9ta Broumov\u00e1\" \/>\n<meta name=\"twitter:card\" content=\"summary_large_image\" \/>\n<meta name=\"twitter:label1\" content=\"Verfasst von\" \/>\n\t<meta name=\"twitter:data1\" content=\"Mark\u00e9ta Broumov\u00e1\" \/>\n\t<meta name=\"twitter:label2\" content=\"Gesch\u00e4tzte Lesezeit\" \/>\n\t<meta name=\"twitter:data2\" content=\"2\u00a0Minuten\" \/>\n<script type=\"application\/ld+json\" class=\"yoast-schema-graph\">{\"@context\":\"https:\/\/schema.org\",\"@graph\":[{\"@type\":\"Article\",\"@id\":\"https:\/\/www.mightysounds.cz\/de\/mighty-sounds-je-cisty-festival-i-v-roce-2019\/#article\",\"isPartOf\":{\"@id\":\"https:\/\/www.mightysounds.cz\/de\/mighty-sounds-je-cisty-festival-i-v-roce-2019\/\"},\"author\":{\"name\":\"Mark\u00e9ta Broumov\u00e1\",\"@id\":\"https:\/\/mightysounds.cz\/#\/schema\/person\/a9f4e836e9aaf6b8142911a7fbbec5e8\"},\"headline\":\"Mighty Sounds je \u010cist\u00fd festival i v roce 2019\",\"datePublished\":\"2019-06-17T17:58:43+00:00\",\"dateModified\":\"2019-06-19T16:34:06+00:00\",\"mainEntityOfPage\":{\"@id\":\"https:\/\/www.mightysounds.cz\/de\/mighty-sounds-je-cisty-festival-i-v-roce-2019\/\"},\"wordCount\":361,\"commentCount\":0,\"publisher\":{\"@id\":\"https:\/\/mightysounds.cz\/#organization\"},\"image\":{\"@id\":\"https:\/\/www.mightysounds.cz\/de\/mighty-sounds-je-cisty-festival-i-v-roce-2019\/#primaryimage\"},\"thumbnailUrl\":\"https:\/\/www.mightysounds.cz\/wp-content\/uploads\/2019\/06\/MS18-113.jpg\",\"articleSection\":[\"Mighty Sounds XV\"],\"inLanguage\":\"de\"},{\"@type\":\"WebPage\",\"@id\":\"https:\/\/www.mightysounds.cz\/de\/mighty-sounds-je-cisty-festival-i-v-roce-2019\/\",\"url\":\"https:\/\/www.mightysounds.cz\/de\/mighty-sounds-je-cisty-festival-i-v-roce-2019\/\",\"name\":\"Mighty Sounds je \u010cist\u00fd festival i v roce 2019 | Mighty Sounds\",\"isPartOf\":{\"@id\":\"https:\/\/mightysounds.cz\/#website\"},\"primaryImageOfPage\":{\"@id\":\"https:\/\/www.mightysounds.cz\/de\/mighty-sounds-je-cisty-festival-i-v-roce-2019\/#primaryimage\"},\"image\":{\"@id\":\"https:\/\/www.mightysounds.cz\/de\/mighty-sounds-je-cisty-festival-i-v-roce-2019\/#primaryimage\"},\"thumbnailUrl\":\"https:\/\/www.mightysounds.cz\/wp-content\/uploads\/2019\/06\/MS18-113.jpg\",\"datePublished\":\"2019-06-17T17:58:43+00:00\",\"dateModified\":\"2019-06-19T16:34:06+00:00\",\"inLanguage\":\"de\",\"potentialAction\":[{\"@type\":\"ReadAction\",\"target\":[\"https:\/\/www.mightysounds.cz\/de\/mighty-sounds-je-cisty-festival-i-v-roce-2019\/\"]}]},{\"@type\":\"ImageObject\",\"inLanguage\":\"de\",\"@id\":\"https:\/\/www.mightysounds.cz\/de\/mighty-sounds-je-cisty-festival-i-v-roce-2019\/#primaryimage\",\"url\":\"https:\/\/www.mightysounds.cz\/wp-content\/uploads\/2019\/06\/MS18-113.jpg\",\"contentUrl\":\"https:\/\/www.mightysounds.cz\/wp-content\/uploads\/2019\/06\/MS18-113.jpg\",\"width\":6000,\"height\":4000},{\"@type\":\"WebSite\",\"@id\":\"https:\/\/mightysounds.cz\/#website\",\"url\":\"https:\/\/mightysounds.cz\/\",\"name\":\"Mighty Sounds\",\"description\":\"Premium selection of punk &amp; hardcore &amp; ska in the heart of Europe!\",\"publisher\":{\"@id\":\"https:\/\/mightysounds.cz\/#organization\"},\"potentialAction\":[{\"@type\":\"SearchAction\",\"target\":{\"@type\":\"EntryPoint\",\"urlTemplate\":\"https:\/\/mightysounds.cz\/?s={search_term_string}\"},\"query-input\":{\"@type\":\"PropertyValueSpecification\",\"valueRequired\":true,\"valueName\":\"search_term_string\"}}],\"inLanguage\":\"de\"},{\"@type\":\"Organization\",\"@id\":\"https:\/\/mightysounds.cz\/#organization\",\"name\":\"Mighty Sounds\",\"url\":\"https:\/\/mightysounds.cz\/\",\"logo\":{\"@type\":\"ImageObject\",\"inLanguage\":\"de\",\"@id\":\"https:\/\/mightysounds.cz\/#\/schema\/logo\/image\/\",\"url\":\"https:\/\/www.mightysounds.cz\/wp-content\/uploads\/2025\/08\/cropped-logo-2.png\",\"contentUrl\":\"https:\/\/www.mightysounds.cz\/wp-content\/uploads\/2025\/08\/cropped-logo-2.png\",\"width\":932,\"height\":571,\"caption\":\"Mighty Sounds\"},\"image\":{\"@id\":\"https:\/\/mightysounds.cz\/#\/schema\/logo\/image\/\"},\"sameAs\":[\"https:\/\/www.facebook.com\/mightysounds\/\"]},{\"@type\":\"Person\",\"@id\":\"https:\/\/mightysounds.cz\/#\/schema\/person\/a9f4e836e9aaf6b8142911a7fbbec5e8\",\"name\":\"Mark\u00e9ta Broumov\u00e1\",\"image\":{\"@type\":\"ImageObject\",\"inLanguage\":\"de\",\"@id\":\"https:\/\/mightysounds.cz\/#\/schema\/person\/image\/\",\"url\":\"https:\/\/secure.gravatar.com\/avatar\/b63f1efd892de6b2b1b0bfbb6be5356f6430c2121f274943503adc2e4c8c1e71?s=96&d=mm&r=g\",\"contentUrl\":\"https:\/\/secure.gravatar.com\/avatar\/b63f1efd892de6b2b1b0bfbb6be5356f6430c2121f274943503adc2e4c8c1e71?s=96&d=mm&r=g\",\"caption\":\"Mark\u00e9ta Broumov\u00e1\"}}]}<\/script>\n<!-- \/ Yoast SEO plugin. -->","yoast_head_json":{"title":"Mighty Sounds je \u010cist\u00fd festival i v roce 2019 | Mighty Sounds","robots":{"index":"index","follow":"follow","max-snippet":"max-snippet:-1","max-image-preview":"max-image-preview:large","max-video-preview":"max-video-preview:-1"},"canonical":"https:\/\/www.mightysounds.cz\/de\/mighty-sounds-je-cisty-festival-i-v-roce-2019\/","og_locale":"de_DE","og_type":"article","og_title":"Mighty Sounds je \u010cist\u00fd festival i v roce 2019 | Mighty Sounds","og_description":"Mighty Sounds t\u0159\u00edd\u00ed odpad a db\u00e1 na to, aby dopad akce na \u017eivotn\u00ed prost\u0159ed\u00ed byl co nejmen\u0161\u00ed. Stejn\u011b jako v\u00a0p\u0159edchoz\u00edch letech v\u00e1s budeme vyz\u00fdvat k\u00a0t\u0159\u00edd\u011bn\u00ed...","og_url":"https:\/\/www.mightysounds.cz\/de\/mighty-sounds-je-cisty-festival-i-v-roce-2019\/","og_site_name":"Mighty Sounds","article_publisher":"https:\/\/www.facebook.com\/mightysounds\/","article_published_time":"2019-06-17T17:58:43+00:00","article_modified_time":"2019-06-19T16:34:06+00:00","og_image":[{"width":1024,"height":683,"url":"https:\/\/www.mightysounds.cz\/wp-content\/uploads\/2019\/06\/MS18-113-1024x683.jpg","type":"image\/jpeg"}],"author":"Mark\u00e9ta Broumov\u00e1","twitter_card":"summary_large_image","twitter_misc":{"Verfasst von":"Mark\u00e9ta Broumov\u00e1","Gesch\u00e4tzte Lesezeit":"2\u00a0Minuten"},"schema":{"@context":"https:\/\/schema.org","@graph":[{"@type":"Article","@id":"https:\/\/www.mightysounds.cz\/de\/mighty-sounds-je-cisty-festival-i-v-roce-2019\/#article","isPartOf":{"@id":"https:\/\/www.mightysounds.cz\/de\/mighty-sounds-je-cisty-festival-i-v-roce-2019\/"},"author":{"name":"Mark\u00e9ta Broumov\u00e1","@id":"https:\/\/mightysounds.cz\/#\/schema\/person\/a9f4e836e9aaf6b8142911a7fbbec5e8"},"headline":"Mighty Sounds je \u010cist\u00fd festival i v roce 2019","datePublished":"2019-06-17T17:58:43+00:00","dateModified":"2019-06-19T16:34:06+00:00","mainEntityOfPage":{"@id":"https:\/\/www.mightysounds.cz\/de\/mighty-sounds-je-cisty-festival-i-v-roce-2019\/"},"wordCount":361,"commentCount":0,"publisher":{"@id":"https:\/\/mightysounds.cz\/#organization"},"image":{"@id":"https:\/\/www.mightysounds.cz\/de\/mighty-sounds-je-cisty-festival-i-v-roce-2019\/#primaryimage"},"thumbnailUrl":"https:\/\/www.mightysounds.cz\/wp-content\/uploads\/2019\/06\/MS18-113.jpg","articleSection":["Mighty Sounds XV"],"inLanguage":"de"},{"@type":"WebPage","@id":"https:\/\/www.mightysounds.cz\/de\/mighty-sounds-je-cisty-festival-i-v-roce-2019\/","url":"https:\/\/www.mightysounds.cz\/de\/mighty-sounds-je-cisty-festival-i-v-roce-2019\/","name":"Mighty Sounds je \u010cist\u00fd festival i v roce 2019 | Mighty Sounds","isPartOf":{"@id":"https:\/\/mightysounds.cz\/#website"},"primaryImageOfPage":{"@id":"https:\/\/www.mightysounds.cz\/de\/mighty-sounds-je-cisty-festival-i-v-roce-2019\/#primaryimage"},"image":{"@id":"https:\/\/www.mightysounds.cz\/de\/mighty-sounds-je-cisty-festival-i-v-roce-2019\/#primaryimage"},"thumbnailUrl":"https:\/\/www.mightysounds.cz\/wp-content\/uploads\/2019\/06\/MS18-113.jpg","datePublished":"2019-06-17T17:58:43+00:00","dateModified":"2019-06-19T16:34:06+00:00","inLanguage":"de","potentialAction":[{"@type":"ReadAction","target":["https:\/\/www.mightysounds.cz\/de\/mighty-sounds-je-cisty-festival-i-v-roce-2019\/"]}]},{"@type":"ImageObject","inLanguage":"de","@id":"https:\/\/www.mightysounds.cz\/de\/mighty-sounds-je-cisty-festival-i-v-roce-2019\/#primaryimage","url":"https:\/\/www.mightysounds.cz\/wp-content\/uploads\/2019\/06\/MS18-113.jpg","contentUrl":"https:\/\/www.mightysounds.cz\/wp-content\/uploads\/2019\/06\/MS18-113.jpg","width":6000,"height":4000},{"@type":"WebSite","@id":"https:\/\/mightysounds.cz\/#website","url":"https:\/\/mightysounds.cz\/","name":"Mighty Sounds","description":"Premium selection of punk &amp; hardcore &amp; ska in the heart of Europe!","publisher":{"@id":"https:\/\/mightysounds.cz\/#organization"},"potentialAction":[{"@type":"SearchAction","target":{"@type":"EntryPoint","urlTemplate":"https:\/\/mightysounds.cz\/?s={search_term_string}"},"query-input":{"@type":"PropertyValueSpecification","valueRequired":true,"valueName":"search_term_string"}}],"inLanguage":"de"},{"@type":"Organization","@id":"https:\/\/mightysounds.cz\/#organization","name":"Mighty Sounds","url":"https:\/\/mightysounds.cz\/","logo":{"@type":"ImageObject","inLanguage":"de","@id":"https:\/\/mightysounds.cz\/#\/schema\/logo\/image\/","url":"https:\/\/www.mightysounds.cz\/wp-content\/uploads\/2025\/08\/cropped-logo-2.png","contentUrl":"https:\/\/www.mightysounds.cz\/wp-content\/uploads\/2025\/08\/cropped-logo-2.png","width":932,"height":571,"caption":"Mighty Sounds"},"image":{"@id":"https:\/\/mightysounds.cz\/#\/schema\/logo\/image\/"},"sameAs":["https:\/\/www.facebook.com\/mightysounds\/"]},{"@type":"Person","@id":"https:\/\/mightysounds.cz\/#\/schema\/person\/a9f4e836e9aaf6b8142911a7fbbec5e8","name":"Mark\u00e9ta Broumov\u00e1","image":{"@type":"ImageObject","inLanguage":"de","@id":"https:\/\/mightysounds.cz\/#\/schema\/person\/image\/","url":"https:\/\/secure.gravatar.com\/avatar\/b63f1efd892de6b2b1b0bfbb6be5356f6430c2121f274943503adc2e4c8c1e71?s=96&d=mm&r=g","contentUrl":"https:\/\/secure.gravatar.com\/avatar\/b63f1efd892de6b2b1b0bfbb6be5356f6430c2121f274943503adc2e4c8c1e71?s=96&d=mm&r=g","caption":"Mark\u00e9ta Broumov\u00e1"}}]}},"_links":{"self":[{"href":"https:\/\/www.mightysounds.cz\/de\/wp-json\/wp\/v2\/posts\/13924","targetHints":{"allow":["GET"]}}],"collection":[{"href":"https:\/\/www.mightysounds.cz\/de\/wp-json\/wp\/v2\/posts"}],"about":[{"href":"https:\/\/www.mightysounds.cz\/de\/wp-json\/wp\/v2\/types\/post"}],"author":[{"embeddable":true,"href":"https:\/\/www.mightysounds.cz\/de\/wp-json\/wp\/v2\/users\/3"}],"replies":[{"embeddable":true,"href":"https:\/\/www.mightysounds.cz\/de\/wp-json\/wp\/v2\/comments?post=13924"}],"version-history":[{"count":1,"href":"https:\/\/www.mightysounds.cz\/de\/wp-json\/wp\/v2\/posts\/13924\/revisions"}],"predecessor-version":[{"id":13926,"href":"https:\/\/www.mightysounds.cz\/de\/wp-json\/wp\/v2\/posts\/13924\/revisions\/13926"}],"wp:featuredmedia":[{"embeddable":true,"href":"https:\/\/www.mightysounds.cz\/de\/wp-json\/wp\/v2\/media\/13907"}],"wp:attachment":[{"href":"https:\/\/www.mightysounds.cz\/de\/wp-json\/wp\/v2\/media?parent=13924"}],"wp:term":[{"taxonomy":"category","embeddable":true,"href":"https:\/\/www.mightysounds.cz\/de\/wp-json\/wp\/v2\/categories?post=13924"},{"taxonomy":"post_tag","embeddable":true,"href":"https:\/\/www.mightysounds.cz\/de\/wp-json\/wp\/v2\/tags?post=13924"}],"curies":[{"name":"wp","href":"https:\/\/api.w.org\/{rel}","templated":true}]}}